{"id":679,"date":"2026-04-30T23:57:59","date_gmt":"2026-04-30T23:57:59","guid":{"rendered":"https:\/\/sadol.ar\/?p=679"},"modified":"2026-05-02T00:15:03","modified_gmt":"2026-05-02T00:15:03","slug":"programa-congreso-sadol-2026","status":"publish","type":"post","link":"https:\/\/sadol.ar\/index.php\/2026\/04\/30\/programa-congreso-sadol-2026\/","title":{"rendered":"Programa Congreso SADOL 2026"},"content":{"rendered":"\n<p class=\"has-text-align-center\">En preparaci\u00f3n<\/p>\n\n\n\n<p>T\u00edtulo en preparaci\u00f3n &#8211; Dr. Esp. Carlos Marcelo Gonz\u00e1lez (La Rioja)<\/p>\n\n\n\n<p><\/p>\n\n\n\n<p><strong>\u00a8Diagn\u00f3stico diferencial entre cambio de coloraci\u00f3n por trauma dentario y pinkteeth\u00a8<\/strong>&#8211; Od. Esp. Marta Maldonado (Buenos Aires)<\/p>\n\n\n\n<p><\/p>\n\n\n\n<p>T\u00edtulo en preparaci\u00f3n &#8211; Mg. Od. Esp. M\u00f3nica Rospide (Tucum\u00e1n)<\/p>\n\n\n\n<p><\/p>\n\n\n\n<p><strong>\u201cConsentimiento informado en contextos acad\u00e9micos y comunitarios\u201d<\/strong> &#8211; Od. Esp. Anal\u00eda Palermo Casta\u00f1o (Tucum\u00e1n)<\/p>\n\n\n\n<p><\/p>\n\n\n\n<p><strong>\u00a8Registro prontuarial queilosc\u00f3pico\u00a8<\/strong> &#8211; Od. Esp. Ana Mar\u00eda Saavedra (Santiago del Estero)<\/p>\n\n\n\n<p><\/p>\n\n\n\n<p><strong>\u00a8An\u00e1lisis e interpretaci\u00f3n de traumatismos \u00f3seos, marcas de corte, proyectiles y evidencia de desmembramiento\u00a8<\/strong> &#8211; Od. Esp. Oscar Heit (Entre R\u00edos)<\/p>\n\n\n\n<p><\/p>\n\n\n\n<p><strong>\u201cArmonizaci\u00f3n orofacial: entre la est\u00e9tica y la \u00e9tica\u201d<\/strong> &#8211; Nelly Zenteno (Tucum\u00e1n)<\/p>\n\n\n\n<p><\/p>\n\n\n\n<p><strong>\u00a8Una nueva clasificaci\u00f3n para la selecci\u00f3n de t\u00e9cnicas en autopsias odontolegales\u00a8<\/strong> &#8211; Od. Esp. Oscar Heit (Entre R\u00edos)<\/p>\n\n\n\n<p><\/p>\n\n\n\n<p><strong>\u00a8Homenaje a los 100 a\u00f1os de la muerte del Profesor Dr. Joaqu\u00edn Gnecco, Padre de la Odontolog\u00eda Legal Argentina<\/strong>\u00a8 &#8211; Od. Esp. Oscar Heit (Entre R\u00edos)<\/p>\n\n\n\n<p><\/p>\n\n\n\n<p><strong>\u00a8Revisi\u00f3n del algoritmo de an\u00e1lisis de lesiones por marcas de mordedura de ABFO\u00a8<\/strong> &#8211; Od. Esp. Marianela Poeti (Entre R\u00edos) &#8211; Od. Esp. Oscar Heit (Entre R\u00edos)<\/p>\n\n\n\n<p><br><\/p>\n","protected":false},"excerpt":{"rendered":"<p>En preparaci\u00f3n T\u00edtulo en preparaci\u00f3n &#8211; Dr. Esp. Carlos Marcelo Gonz\u00e1lez (La Rioja) \u00a8Diagn\u00f3stico diferencial entre cambio de coloraci\u00f3n por trauma dentario y pinkteeth\u00a8&#8211; Od. Esp. Marta Maldonado (Buenos Aires) T\u00edtulo en preparaci\u00f3n &#8211; Mg. Od. Esp. M\u00f3nica Rospide (Tucum\u00e1n) \u201cConsentimiento informado en contextos acad\u00e9micos y comunitarios\u201d &#8211; Od. Esp. Anal\u00eda Palermo Casta\u00f1o (Tucum\u00e1n) \u00a8Registro [&hellip;]<\/p>\n","protected":false},"author":1,"featured_media":0,"comment_status":"closed","ping_status":"closed","sticky":false,"template":"","format":"standard","meta":{"footnotes":""},"categories":[1],"tags":[],"class_list":["post-679","post","type-post","status-publish","format-standard","hentry","category-uncategorized"],"_links":{"self":[{"href":"https:\/\/sadol.ar\/index.php\/wp-json\/wp\/v2\/posts\/679","targetHints":{"allow":["GET"]}}],"collection":[{"href":"https:\/\/sadol.ar\/index.php\/wp-json\/wp\/v2\/posts"}],"about":[{"href":"https:\/\/sadol.ar\/index.php\/wp-json\/wp\/v2\/types\/post"}],"author":[{"embeddable":true,"href":"https:\/\/sadol.ar\/index.php\/wp-json\/wp\/v2\/users\/1"}],"replies":[{"embeddable":true,"href":"https:\/\/sadol.ar\/index.php\/wp-json\/wp\/v2\/comments?post=679"}],"version-history":[{"count":9,"href":"https:\/\/sadol.ar\/index.php\/wp-json\/wp\/v2\/posts\/679\/revisions"}],"predecessor-version":[{"id":726,"href":"https:\/\/sadol.ar\/index.php\/wp-json\/wp\/v2\/posts\/679\/revisions\/726"}],"wp:attachment":[{"href":"https:\/\/sadol.ar\/index.php\/wp-json\/wp\/v2\/media?parent=679"}],"wp:term":[{"taxonomy":"category","embeddable":true,"href":"https:\/\/sadol.ar\/index.php\/wp-json\/wp\/v2\/categories?post=679"},{"taxonomy":"post_tag","embeddable":true,"href":"https:\/\/sadol.ar\/index.php\/wp-json\/wp\/v2\/tags?post=679"}],"curies":[{"name":"wp","href":"https:\/\/api.w.org\/{rel}","templated":true}]}}