{"id":368,"date":"2025-08-22T22:04:02","date_gmt":"2025-08-22T22:04:02","guid":{"rendered":"https:\/\/sadol.ar\/?p=368"},"modified":"2026-03-19T21:36:40","modified_gmt":"2026-03-19T21:36:40","slug":"revista-argentina-de-odontologia-legal","status":"publish","type":"post","link":"https:\/\/sadol.ar\/index.php\/2025\/08\/22\/revista-argentina-de-odontologia-legal\/","title":{"rendered":"Revista Argentina de Odontolog\u00eda Legal"},"content":{"rendered":"\n<figure class=\"wp-block-image size-large is-resized\"><img fetchpriority=\"high\" decoding=\"async\" width=\"1024\" height=\"368\" src=\"https:\/\/sadol.ar\/wp-content\/uploads\/2025\/08\/encabezado-RAOL2-1024x368.jpg\" alt=\"\" class=\"wp-image-372\" style=\"width:609px;height:auto\" srcset=\"https:\/\/sadol.ar\/wp-content\/uploads\/2025\/08\/encabezado-RAOL2-1024x368.jpg 1024w, https:\/\/sadol.ar\/wp-content\/uploads\/2025\/08\/encabezado-RAOL2-300x108.jpg 300w, https:\/\/sadol.ar\/wp-content\/uploads\/2025\/08\/encabezado-RAOL2-768x276.jpg 768w, https:\/\/sadol.ar\/wp-content\/uploads\/2025\/08\/encabezado-RAOL2-1536x552.jpg 1536w, https:\/\/sadol.ar\/wp-content\/uploads\/2025\/08\/encabezado-RAOL2.jpg 1560w\" sizes=\"(max-width: 1024px) 100vw, 1024px\" \/><\/figure>\n\n\n\n<p>La Revista Argentina de Odontolog\u00eda Legal es el medio de divulgaci\u00f3n cient\u00edfica de la Sociedad Argentina de Odontolog\u00eda Legal. Fue creada con el fin de contribuir con el desarrollo de la investigaci\u00f3n, actualizaci\u00f3n y divulgaci\u00f3n de los conocimientos de investigadores, especialistas y profesionales del \u00e1rea de la Odontolog\u00eda Legal, fomentando la publicaci\u00f3n local y acceso a la literatura cient\u00edfica. La RAOL est\u00e1 destinada a la publicaci\u00f3n en base a las siguientes categor\u00edas: historia de la odontolog\u00eda legal, rese\u00f1as y biograf\u00edas; responsabilidad profesional en Odontolog\u00eda; identificaci\u00f3n odontolegal; pericia odontolegal, tanatolog\u00eda y autopsia odontolegal; antropolog\u00eda forense; valoraci\u00f3n del da\u00f1o corporal; odontolog\u00eda legal del trabajo; auditoria en odontolog\u00eda; bio\u00e9tica; educaci\u00f3n y pedagog\u00eda en odontolog\u00eda legal y otras \u00e1reas afines con la Odontolog\u00eda Legal y su pr\u00e1ctica forense.<\/p>\n\n\n\n<p>RAOL es una <strong>publicaci\u00f3n anual, continua<\/strong>, de <strong>acceso abierto<\/strong> (open access), <strong>con revisi\u00f3n por pares<\/strong> (peer reviewed) y los art\u00edculos pueden ser enviados en idioma <strong>espa\u00f1ol o portugu\u00e9s<\/strong>.<\/p>\n\n\n\n<p>Al recibir los art\u00edculos, RAOL no asume el compromiso de publicarlos.<\/p>\n\n\n\n<p>Los art\u00edculos deben ser originales, no se permite su publicaci\u00f3n simult\u00e1nea en otro peri\u00f3dico (medio impreso y\/o electr\u00f3nico).<\/p>\n\n\n\n<p>La revista tendr\u00e1 <strong>derechos de autor<\/strong> reservado sobre el trabajo publicado, y es permitida su reproducci\u00f3n o transcripci\u00f3n con la debida citaci\u00f3n de la fuente.<\/p>\n\n\n\n<div class=\"wp-block-file\"><a id=\"wp-block-file--media-a78c53d7-d8a4-4701-bc32-65736b9cb71b\" href=\"https:\/\/sadol.ar\/wp-content\/uploads\/2025\/08\/INSTRUCCIONES-PARA-LOS-AUTORES-RAOL.pdf\">INSTRUCCIONES PARA LOS AUTORES RAOL<\/a><\/div>\n\n\n\n<div class=\"wp-block-file\"><a id=\"wp-block-file--media-55fa0ed6-15bd-457b-9210-5fa81ca62a1b\" href=\"https:\/\/sadol.ar\/wp-content\/uploads\/2025\/08\/Carta-de-presentacion-RAOL.pdf\">Carta de presentaci\u00f3n RAOL<\/a><\/div>\n\n\n\n<figure class=\"wp-block-image size-full is-resized\"><img decoding=\"async\" width=\"950\" height=\"148\" src=\"https:\/\/sadol.ar\/wp-content\/uploads\/2025\/08\/head-binpar2.jpg\" alt=\"\" class=\"wp-image-370\" style=\"width:604px;height:auto\" srcset=\"https:\/\/sadol.ar\/wp-content\/uploads\/2025\/08\/head-binpar2.jpg 950w, https:\/\/sadol.ar\/wp-content\/uploads\/2025\/08\/head-binpar2-300x47.jpg 300w, https:\/\/sadol.ar\/wp-content\/uploads\/2025\/08\/head-binpar2-768x120.jpg 768w\" sizes=\"(max-width: 950px) 100vw, 950px\" \/><\/figure>\n\n\n\n<figure class=\"wp-block-image size-full is-resized\"><img decoding=\"async\" width=\"516\" height=\"250\" src=\"https:\/\/sadol.ar\/wp-content\/uploads\/2025\/08\/Open-Access-logo.png\" alt=\"\" class=\"wp-image-371\" style=\"width:262px;height:auto\" srcset=\"https:\/\/sadol.ar\/wp-content\/uploads\/2025\/08\/Open-Access-logo.png 516w, https:\/\/sadol.ar\/wp-content\/uploads\/2025\/08\/Open-Access-logo-300x145.png 300w\" sizes=\"(max-width: 516px) 100vw, 516px\" \/><\/figure>\n\n\n\n<p class=\"has-pale-cyan-blue-background-color has-background\"><strong>Director<\/strong><\/p>\n\n\n\n<p>Dr. Esp. Carlos Marcelo Gonz\u00e1lez<\/p>\n\n\n\n<p>Doctor en Odontolog\u00eda, Especialista en Odontolog\u00eda Legal, Prof. Titular de Odontolog\u00eda Legal, Facultad de Odontolog\u00eda de la Universidad de La Rioja.<\/p>\n\n\n\n<p class=\"has-pale-cyan-blue-background-color has-background\"><strong>Editor en Jefe<\/strong><\/p>\n\n\n\n<p>Od. Esp. Oscar F.J. Heit<\/p>\n\n\n\n<p>Especialista en Odontolog\u00eda Legal, Prof. Titular de Odontolog\u00eda Legal, Carrera de Odontolog\u00eda Universidad Adventista del Plata, Entre R\u00edos.<\/p>\n\n\n\n<p class=\"has-pale-cyan-blue-background-color has-background\"><strong>Consejo Cient\u00edfico<\/strong><\/p>\n\n\n\n<p>Prof. Dra. Mar\u00eda Isabel Ferrari (Argentina)<\/p>\n\n\n\n<p>Prof. Dr. Rhonan Ferreira da Silva (Brasil)<\/p>\n\n\n\n<p>Prof. Dr. Ademir Franco (Brasil)<\/p>\n\n\n\n<p>Prof. Dr. Juan Carlos Z\u00e1rate Rodr\u00edguez (Paraguay)<\/p>\n\n\n\n<p><\/p>\n\n\n\n<p class=\"has-light-green-cyan-background-color has-background\">VOLUMEN 1 &#8211; N\u00b01<\/p>\n\n\n\n<figure class=\"wp-block-image size-large\"><img loading=\"lazy\" decoding=\"async\" width=\"1024\" height=\"714\" src=\"https:\/\/sadol.ar\/wp-content\/uploads\/2025\/08\/RAOLVOL11b-1024x714.jpg\" alt=\"\" class=\"wp-image-380\" srcset=\"https:\/\/sadol.ar\/wp-content\/uploads\/2025\/08\/RAOLVOL11b-1024x714.jpg 1024w, https:\/\/sadol.ar\/wp-content\/uploads\/2025\/08\/RAOLVOL11b-300x209.jpg 300w, https:\/\/sadol.ar\/wp-content\/uploads\/2025\/08\/RAOLVOL11b-768x535.jpg 768w, https:\/\/sadol.ar\/wp-content\/uploads\/2025\/08\/RAOLVOL11b.jpg 1115w\" sizes=\"(max-width: 1024px) 100vw, 1024px\" \/><\/figure>\n\n\n\n<div class=\"wp-block-file\"><a id=\"wp-block-file--media-baf485cf-3999-48ad-b489-88ca44cbe613\" href=\"https:\/\/sadol.ar\/wp-content\/uploads\/2025\/08\/Editorial-RAOL-2010.pdf\" target=\"_blank\" rel=\"noreferrer noopener\">Editorial RAOL 2010<\/a><\/div>\n\n\n\n<div class=\"wp-block-file\"><a id=\"wp-block-file--media-021417e9-2db4-4042-851c-035cb4b51d40\" href=\"https:\/\/sadol.ar\/wp-content\/uploads\/2025\/08\/Vol-1-N\u00b01_Import-OL-Ferrari.pdf\" target=\"_blank\" rel=\"noreferrer noopener\">Vol 1 N\u00b01_Import OL Ferrari<\/a><\/div>\n\n\n\n<div class=\"wp-block-file\"><a id=\"wp-block-file--media-f790ead2-c65c-4efa-880e-5af98bf3a4a5\" href=\"https:\/\/sadol.ar\/wp-content\/uploads\/2025\/08\/Vol-1-N\u00b01_OF-u-OL-Heit.pdf\" target=\"_blank\" rel=\"noreferrer noopener\">Vol 1 N\u00b01_OF u OL Heit<\/a><\/div>\n\n\n\n<div class=\"wp-block-file\"><a id=\"wp-block-file--media-abf7c590-0fac-4772-956f-3bd0bb840126\" href=\"https:\/\/sadol.ar\/wp-content\/uploads\/2025\/08\/Vol-1-N\u00b01_Gnecco-1921.pdf\" target=\"_blank\" rel=\"noreferrer noopener\">Vol 1 N\u00b01_Gnecco 1921<\/a><\/div>\n\n\n\n<div class=\"wp-block-file\"><a id=\"wp-block-file--media-574b581f-ca9c-464d-ae87-2012815787de\" href=\"https:\/\/sadol.ar\/wp-content\/uploads\/2025\/08\/Vol-1-N\u00b01_Memoria-VI-Congreso-BSAS-2010.pdf\">Vol 1 N\u00b01_Memoria VI Congreso BSAS 2010<\/a><\/div>\n\n\n\n<p class=\"has-light-green-cyan-background-color has-background\">VOLUMEN 1 &#8211; N\u00b02<\/p>\n\n\n\n<figure class=\"wp-block-image size-large\"><img loading=\"lazy\" decoding=\"async\" width=\"1024\" height=\"720\" src=\"https:\/\/sadol.ar\/wp-content\/uploads\/2025\/08\/RAOLVOL12a2-1024x720.jpg\" alt=\"\" class=\"wp-image-386\" srcset=\"https:\/\/sadol.ar\/wp-content\/uploads\/2025\/08\/RAOLVOL12a2-1024x720.jpg 1024w, https:\/\/sadol.ar\/wp-content\/uploads\/2025\/08\/RAOLVOL12a2-300x211.jpg 300w, https:\/\/sadol.ar\/wp-content\/uploads\/2025\/08\/RAOLVOL12a2-768x540.jpg 768w, https:\/\/sadol.ar\/wp-content\/uploads\/2025\/08\/RAOLVOL12a2.jpg 1114w\" sizes=\"(max-width: 1024px) 100vw, 1024px\" \/><\/figure>\n\n\n\n<div class=\"wp-block-file\"><a id=\"wp-block-file--media-6d026e0e-e943-44f8-bf33-6e8644a5ab3b\" href=\"https:\/\/sadol.ar\/wp-content\/uploads\/2025\/08\/Vol-1-N\u00b02_Memoria-XIII-Congreso-SADOL-2017.pdf\" target=\"_blank\" rel=\"noreferrer noopener\">Vol 1 N\u00b02_Memoria XIII Congreso SADOL 2017<\/a><\/div>\n\n\n\n<p class=\"has-light-green-cyan-background-color has-background\">VOLUMEN 2 &#8211; N\u00b03<\/p>\n\n\n\n<figure class=\"wp-block-image size-large\"><img loading=\"lazy\" decoding=\"async\" width=\"1024\" height=\"718\" src=\"https:\/\/sadol.ar\/wp-content\/uploads\/2025\/08\/RAOLVOL23-1024x718.jpg\" alt=\"\" class=\"wp-image-394\" srcset=\"https:\/\/sadol.ar\/wp-content\/uploads\/2025\/08\/RAOLVOL23-1024x718.jpg 1024w, https:\/\/sadol.ar\/wp-content\/uploads\/2025\/08\/RAOLVOL23-300x210.jpg 300w, https:\/\/sadol.ar\/wp-content\/uploads\/2025\/08\/RAOLVOL23-768x539.jpg 768w, https:\/\/sadol.ar\/wp-content\/uploads\/2025\/08\/RAOLVOL23.jpg 1115w\" sizes=\"(max-width: 1024px) 100vw, 1024px\" \/><\/figure>\n\n\n\n<div class=\"wp-block-file\"><a id=\"wp-block-file--media-5a7a9d82-6dd8-4010-8809-da7db8490e4c\" href=\"https:\/\/sadol.ar\/wp-content\/uploads\/2025\/08\/Vol-2-N\u00b03_Memoria-XIV-Congreso-SADOL-2018-2.pdf\" target=\"_blank\" rel=\"noreferrer noopener\">Vol 2 N\u00b03_Memoria XIV Congreso SADOL 2018 (2)<\/a><\/div>\n\n\n\n<div class=\"wp-block-file\"><a id=\"wp-block-file--media-89e84de0-631d-4c79-bceb-2ff16680e564\" href=\"https:\/\/sadol.ar\/wp-content\/uploads\/2025\/08\/Vol-2-N\u00b03_Caso-FarbosTremblie-1894.pdf\" target=\"_blank\" rel=\"noreferrer noopener\">Vol 2 N\u00b03_Caso Farbos-Tremblie 1894<\/a><\/div>\n\n\n\n<p class=\"has-light-green-cyan-background-color has-background\">VOLUMEN 2 &#8211; N\u00b04<\/p>\n\n\n\n<figure class=\"wp-block-image size-large\"><img loading=\"lazy\" decoding=\"async\" width=\"1024\" height=\"716\" src=\"https:\/\/sadol.ar\/wp-content\/uploads\/2025\/08\/RAOLVOL24-1-1024x716.jpg\" alt=\"\" class=\"wp-image-396\" srcset=\"https:\/\/sadol.ar\/wp-content\/uploads\/2025\/08\/RAOLVOL24-1-1024x716.jpg 1024w, https:\/\/sadol.ar\/wp-content\/uploads\/2025\/08\/RAOLVOL24-1-300x210.jpg 300w, https:\/\/sadol.ar\/wp-content\/uploads\/2025\/08\/RAOLVOL24-1-768x537.jpg 768w, https:\/\/sadol.ar\/wp-content\/uploads\/2025\/08\/RAOLVOL24-1.jpg 1115w\" sizes=\"(max-width: 1024px) 100vw, 1024px\" \/><\/figure>\n\n\n\n<div class=\"wp-block-file\"><a id=\"wp-block-file--media-16a25644-cfc7-46cf-a51a-277e32472d74\" href=\"https:\/\/sadol.ar\/wp-content\/uploads\/2025\/08\/Vol-2-N\u00b04_Femicidio-ID.pdf\" target=\"_blank\" rel=\"noreferrer noopener\">Vol 2 N\u00b04_Femicidio ID<\/a><\/div>\n\n\n\n<p class=\"has-light-green-cyan-background-color has-background\">VOLUMEN 3 &#8211; N\u00b05<\/p>\n\n\n\n<figure class=\"wp-block-image size-full\"><img loading=\"lazy\" decoding=\"async\" width=\"952\" height=\"669\" src=\"https:\/\/sadol.ar\/wp-content\/uploads\/2025\/08\/RAOLVOL35.jpg\" alt=\"\" class=\"wp-image-398\" srcset=\"https:\/\/sadol.ar\/wp-content\/uploads\/2025\/08\/RAOLVOL35.jpg 952w, https:\/\/sadol.ar\/wp-content\/uploads\/2025\/08\/RAOLVOL35-300x211.jpg 300w, https:\/\/sadol.ar\/wp-content\/uploads\/2025\/08\/RAOLVOL35-768x540.jpg 768w\" sizes=\"(max-width: 952px) 100vw, 952px\" \/><\/figure>\n\n\n\n<div class=\"wp-block-file\"><a id=\"wp-block-file--media-936dd4f3-f5ee-4b6c-a7f0-7056e698ead2\" href=\"https:\/\/sadol.ar\/wp-content\/uploads\/2025\/08\/Editorial-RAOL-2019-n1.pdf\" target=\"_blank\" rel=\"noreferrer noopener\">Editorial RAOL 2019 n1<\/a><\/div>\n\n\n\n<div class=\"wp-block-file\"><a id=\"wp-block-file--media-a3baf333-27cf-4b67-9b59-edd0d32e2dc7\" href=\"https:\/\/sadol.ar\/wp-content\/uploads\/2025\/08\/Vol-3-N\u00b05_Memoria-XV-Congreso-SADOL-2019.pdf\" target=\"_blank\" rel=\"noreferrer noopener\">Vol 3 N\u00b05_Memoria XV Congreso SADOL 2019<\/a><\/div>\n\n\n\n<div class=\"wp-block-file\"><a id=\"wp-block-file--media-0e81ea85-cb63-493b-bf36-da488b5f0095\" href=\"https:\/\/sadol.ar\/wp-content\/uploads\/2025\/08\/Vol-3-N\u00b05_Caso-Alcira-1955.pdf\" target=\"_blank\" rel=\"noreferrer noopener\">Vol 3 N\u00b05_Caso Alcira 1955<\/a><\/div>\n\n\n\n<p class=\"has-light-green-cyan-background-color has-background\">VOLUMEN 3 &#8211; N\u00b06<\/p>\n\n\n\n<figure class=\"wp-block-image size-large\"><img loading=\"lazy\" decoding=\"async\" width=\"1024\" height=\"719\" src=\"https:\/\/sadol.ar\/wp-content\/uploads\/2025\/08\/RAOLVOL36-1024x719.jpg\" alt=\"\" class=\"wp-image-404\" srcset=\"https:\/\/sadol.ar\/wp-content\/uploads\/2025\/08\/RAOLVOL36-1024x719.jpg 1024w, https:\/\/sadol.ar\/wp-content\/uploads\/2025\/08\/RAOLVOL36-300x211.jpg 300w, https:\/\/sadol.ar\/wp-content\/uploads\/2025\/08\/RAOLVOL36-768x539.jpg 768w, https:\/\/sadol.ar\/wp-content\/uploads\/2025\/08\/RAOLVOL36.jpg 1112w\" sizes=\"(max-width: 1024px) 100vw, 1024px\" \/><\/figure>\n\n\n\n<div class=\"wp-block-file\"><a id=\"wp-block-file--media-73f8fc46-67dd-47b3-b7aa-672f46d5874f\" href=\"https:\/\/sadol.ar\/wp-content\/uploads\/2025\/08\/Vol-3-N\u00b06_Caso-Mordedura-1926.pdf\" target=\"_blank\" rel=\"noreferrer noopener\">Vol 3 N\u00b06_Caso Mordedura 1926<\/a><\/div>\n\n\n\n<div class=\"wp-block-file\"><a id=\"wp-block-file--media-9b9be82e-9768-4fbb-9810-e74605406404\" href=\"https:\/\/sadol.ar\/wp-content\/uploads\/2025\/08\/Vol-3-N\u00b06_Revelado-Labiales.pdf\" target=\"_blank\" rel=\"noreferrer noopener\">Vol 3 N\u00b06_Revelado Labiales<\/a><\/div>\n\n\n\n<div class=\"wp-block-file\"><a id=\"wp-block-file--media-a1b7e6d9-57e2-4599-9479-08cc7a7cf749\" href=\"https:\/\/sadol.ar\/wp-content\/uploads\/2025\/08\/Vol-3-N\u00b06_Memoria-Jor-Magist-Salta2019.pdf\" target=\"_blank\" rel=\"noreferrer noopener\">Vol 3 N\u00b06_Memoria Jor Magist Salta 2019<\/a><\/div>\n\n\n\n<div class=\"wp-block-file\"><a id=\"wp-block-file--media-10fdce35-3dc1-45ee-8a19-f6adfa8ab2bd\" href=\"https:\/\/sadol.ar\/wp-content\/uploads\/2025\/08\/Vol-3-N\u00b06_Memoria-Jor-NEA2019.pdf\" target=\"_blank\" rel=\"noreferrer noopener\">Vol 3 N\u00b06_Memoria Jor NEA 2019<\/a><\/div>\n\n\n\n<p class=\"has-light-green-cyan-background-color has-background\">VOLUMEN 4 &#8211; N\u00b07<\/p>\n\n\n\n<figure class=\"wp-block-image size-large\"><img loading=\"lazy\" decoding=\"async\" width=\"1024\" height=\"717\" src=\"https:\/\/sadol.ar\/wp-content\/uploads\/2025\/08\/RAOLVOL47-1024x717.jpg\" alt=\"\" class=\"wp-image-410\" srcset=\"https:\/\/sadol.ar\/wp-content\/uploads\/2025\/08\/RAOLVOL47-1024x717.jpg 1024w, https:\/\/sadol.ar\/wp-content\/uploads\/2025\/08\/RAOLVOL47-300x210.jpg 300w, https:\/\/sadol.ar\/wp-content\/uploads\/2025\/08\/RAOLVOL47-768x538.jpg 768w, https:\/\/sadol.ar\/wp-content\/uploads\/2025\/08\/RAOLVOL47.jpg 1118w\" sizes=\"(max-width: 1024px) 100vw, 1024px\" \/><\/figure>\n\n\n\n<div class=\"wp-block-file\"><a id=\"wp-block-file--media-e006ebbe-4c13-4175-a9ce-10dc2cb1a31e\" href=\"https:\/\/sadol.ar\/wp-content\/uploads\/2025\/08\/Editorial-RAOL-2020-n2-1.pdf\" target=\"_blank\" rel=\"noreferrer noopener\">Editorial RAOL 2020<\/a><\/div>\n\n\n\n<div class=\"wp-block-file\"><a id=\"wp-block-file--media-7c1988c8-05d5-42ec-b5e2-28ea2382b2f1\" href=\"https:\/\/sadol.ar\/wp-content\/uploads\/2025\/08\/RAOL-Vol-4-N\u00b07_Obituario-Brinon.pdf\" target=\"_blank\" rel=\"noreferrer noopener\">RAOL Vol 4 N\u00b07_Obituario Bri\u00f1on<\/a><\/div>\n\n\n\n<div class=\"wp-block-file\"><a id=\"wp-block-file--media-bf9b01e6-e32c-44e5-a269-cd5751bfe45a\" href=\"https:\/\/sadol.ar\/wp-content\/uploads\/2025\/08\/RAOL-Vol-4-N\u00b07_VD-rol.pdf\" target=\"_blank\" rel=\"noreferrer noopener\">RAOL Vol 4 N\u00b07_VD rol<\/a><\/div>\n\n\n\n<div class=\"wp-block-file\"><a id=\"wp-block-file--media-c818ea6c-c662-4356-b632-fe2c2c121b55\" href=\"https:\/\/sadol.ar\/wp-content\/uploads\/2025\/08\/RAOL-Vol-4-N\u00b07_ID-en-1932.pdf\" target=\"_blank\" rel=\"noreferrer noopener\">RAOL Vol 4 N\u00b07_ID en 1932<\/a><\/div>\n\n\n\n<div class=\"wp-block-file\"><a id=\"wp-block-file--media-edaef25c-24a3-4799-b7dc-929ab4dcf9a6\" href=\"https:\/\/sadol.ar\/wp-content\/uploads\/2025\/08\/RAOL-Vol-4-N\u00b07_Amoedo-1898.pdf\" target=\"_blank\" rel=\"noreferrer noopener\">RAOL Vol 4 N\u00b07_Amoedo 1898<\/a><\/div>\n\n\n\n<div class=\"wp-block-file\"><a id=\"wp-block-file--media-0aa9fe5b-fe8d-4963-b745-5a85f83ef8c3\" href=\"https:\/\/sadol.ar\/wp-content\/uploads\/2025\/08\/RAOL-Vol-4-N\u00b07_Pre-y-post-ID-Heit1.pdf\" target=\"_blank\" rel=\"noreferrer noopener\">RAOL Vol 4 N\u00b07_Pre y post ID Heit<\/a><\/div>\n\n\n\n<div class=\"wp-block-file\"><a id=\"wp-block-file--media-4492681b-7999-4032-84b7-8b150a1b5983\" href=\"https:\/\/sadol.ar\/wp-content\/uploads\/2025\/08\/RAOL-Vol-4-N\u00b07_ID-acc-avi-Heit.pdf\" target=\"_blank\" rel=\"noreferrer noopener\">RAOL Vol 4 N\u00b07_ID acc avi Heit<\/a><\/div>\n\n\n\n<div class=\"wp-block-file\"><a id=\"wp-block-file--media-b933749c-5f5d-4b65-9c5a-3780977b740d\" href=\"https:\/\/sadol.ar\/wp-content\/uploads\/2025\/08\/RAOL-Vol-4-N\u00b07_Memoria-JAL_Gonzalez.pdf\" target=\"_blank\" rel=\"noreferrer noopener\">RAOL Vol 4 N\u00b07_Memoria JAL_Gonzalez<\/a><\/div>\n\n\n\n<div class=\"wp-block-file\"><a id=\"wp-block-file--media-950f22dc-e2df-40d9-8bc7-f3e933a94370\" href=\"https:\/\/sadol.ar\/wp-content\/uploads\/2025\/08\/RAOL-Vol-4-N\u00b07_Carrea-Brasil_Pittelli-et-al.pdf\" target=\"_blank\" rel=\"noreferrer noopener\">RAOL Vol 4 N\u00b07_Carrea Brasil_Pittelli et al<\/a><\/div>\n\n\n\n<p class=\"has-light-green-cyan-background-color has-background\">VOLUMEN 4 &#8211; N\u00b08<\/p>\n\n\n\n<figure class=\"wp-block-image size-large\"><img loading=\"lazy\" decoding=\"async\" width=\"1024\" height=\"710\" src=\"https:\/\/sadol.ar\/wp-content\/uploads\/2025\/08\/RAOLVOL48-1024x710.jpg\" alt=\"\" class=\"wp-image-420\" srcset=\"https:\/\/sadol.ar\/wp-content\/uploads\/2025\/08\/RAOLVOL48-1024x710.jpg 1024w, https:\/\/sadol.ar\/wp-content\/uploads\/2025\/08\/RAOLVOL48-300x208.jpg 300w, https:\/\/sadol.ar\/wp-content\/uploads\/2025\/08\/RAOLVOL48-768x533.jpg 768w, https:\/\/sadol.ar\/wp-content\/uploads\/2025\/08\/RAOLVOL48.jpg 1073w\" sizes=\"(max-width: 1024px) 100vw, 1024px\" \/><\/figure>\n\n\n\n<div class=\"wp-block-file\"><a id=\"wp-block-file--media-27a622de-ce76-45e2-ab2d-97995149f2fe\" href=\"https:\/\/sadol.ar\/wp-content\/uploads\/2025\/08\/RAOL-Vol-4-N\u00b08_ID-acc-auto-Heit.pdf\" target=\"_blank\" rel=\"noreferrer noopener\">RAOL Vol 4 N\u00b08_ID acc auto Heit<\/a><\/div>\n\n\n\n<div class=\"wp-block-file\"><a id=\"wp-block-file--media-1b272987-7da0-4366-9959-f292aed336ba\" href=\"https:\/\/sadol.ar\/wp-content\/uploads\/2025\/08\/RAOL-Vol-4-N\u00b08_Rev-Libro-Brinon-2006.pdf\" target=\"_blank\" rel=\"noreferrer noopener\">RAOL Vol 4 N\u00b08_Rev Libro Bri\u00f1on 2006<\/a><\/div>\n\n\n\n<p class=\"has-light-green-cyan-background-color has-background\">VOLUMEN 5 &#8211; N\u00b09<\/p>\n\n\n\n<figure class=\"wp-block-image size-large\"><img loading=\"lazy\" decoding=\"async\" width=\"1024\" height=\"710\" src=\"https:\/\/sadol.ar\/wp-content\/uploads\/2025\/08\/RAOLVOL59-1024x710.jpg\" alt=\"\" class=\"wp-image-423\" srcset=\"https:\/\/sadol.ar\/wp-content\/uploads\/2025\/08\/RAOLVOL59-1024x710.jpg 1024w, https:\/\/sadol.ar\/wp-content\/uploads\/2025\/08\/RAOLVOL59-300x208.jpg 300w, https:\/\/sadol.ar\/wp-content\/uploads\/2025\/08\/RAOLVOL59-768x533.jpg 768w, https:\/\/sadol.ar\/wp-content\/uploads\/2025\/08\/RAOLVOL59.jpg 1044w\" sizes=\"(max-width: 1024px) 100vw, 1024px\" \/><\/figure>\n\n\n\n<div class=\"wp-block-file\"><a id=\"wp-block-file--media-7319893a-0dc9-4f42-9b08-f88612da6fc2\" href=\"https:\/\/sadol.ar\/wp-content\/uploads\/2025\/08\/RAOL-Vol-5-N\u00b09_Autop-odontlegal-en-covid19-Heit.pdf\" target=\"_blank\" rel=\"noreferrer noopener\">RAOL Vol 5 N\u00b09_Autop odontlegal en covid19 Heit<\/a><\/div>\n\n\n\n<p class=\"has-light-green-cyan-background-color has-background\">VOLUMEN 5 &#8211; N\u00b010<\/p>\n\n\n\n<figure class=\"wp-block-image size-large\"><img loading=\"lazy\" decoding=\"async\" width=\"1024\" height=\"715\" src=\"https:\/\/sadol.ar\/wp-content\/uploads\/2025\/08\/RAOLVOL510-1024x715.jpg\" alt=\"\" class=\"wp-image-425\" srcset=\"https:\/\/sadol.ar\/wp-content\/uploads\/2025\/08\/RAOLVOL510-1024x715.jpg 1024w, https:\/\/sadol.ar\/wp-content\/uploads\/2025\/08\/RAOLVOL510-300x209.jpg 300w, https:\/\/sadol.ar\/wp-content\/uploads\/2025\/08\/RAOLVOL510-768x536.jpg 768w, https:\/\/sadol.ar\/wp-content\/uploads\/2025\/08\/RAOLVOL510.jpg 1043w\" sizes=\"(max-width: 1024px) 100vw, 1024px\" \/><\/figure>\n\n\n\n<div class=\"wp-block-file\"><a id=\"wp-block-file--media-97ac608b-3d1e-4ed2-a14f-1d54240f8e96\" href=\"https:\/\/sadol.ar\/wp-content\/uploads\/2025\/08\/RAOL-Vol-5-N\u00b010_Estimac-edad-Briem-Stamm.pdf\" target=\"_blank\" rel=\"noreferrer noopener\">RAOL Vol 5 N\u00b010_Estimac edad Briem Stamm<\/a><\/div>\n\n\n\n<p class=\"has-light-green-cyan-background-color has-background\">VOLUMEN 6 &#8211; N\u00b011<\/p>\n\n\n\n<figure class=\"wp-block-image size-large\"><img loading=\"lazy\" decoding=\"async\" width=\"1024\" height=\"715\" src=\"https:\/\/sadol.ar\/wp-content\/uploads\/2025\/08\/RAOLVOL611-1024x715.jpg\" alt=\"\" class=\"wp-image-429\" srcset=\"https:\/\/sadol.ar\/wp-content\/uploads\/2025\/08\/RAOLVOL611-1024x715.jpg 1024w, https:\/\/sadol.ar\/wp-content\/uploads\/2025\/08\/RAOLVOL611-300x209.jpg 300w, https:\/\/sadol.ar\/wp-content\/uploads\/2025\/08\/RAOLVOL611-768x536.jpg 768w, https:\/\/sadol.ar\/wp-content\/uploads\/2025\/08\/RAOLVOL611.jpg 1063w\" sizes=\"(max-width: 1024px) 100vw, 1024px\" \/><\/figure>\n\n\n\n<div class=\"wp-block-file\"><a id=\"wp-block-file--media-98cee7f4-21e3-470b-90a3-dfe905208695\" href=\"https:\/\/sadol.ar\/wp-content\/uploads\/2025\/08\/RAOL-Vol-6-N\u00b011_Memoria-XVI-Congreso-Ansenuza-2022.pdf\" target=\"_blank\" rel=\"noreferrer noopener\">RAOL Vol 6 N\u00b011_Memoria XVI Congreso Ansenuza 2022<\/a><\/div>\n\n\n\n<p class=\"has-light-green-cyan-background-color has-background\">VOLUMEN 7 &#8211; N\u00b012<\/p>\n\n\n\n<p>RAOL Vol 7 N\u00b012 Memoria XVII Congreso 2023<\/p>\n\n\n\n<p class=\"has-light-green-cyan-background-color has-background\">VOLUMEN 8 &#8211; N\u00b013<\/p>\n\n\n\n<p>RAOL Vol 8 N\u00b013 Memoria XVIII Congreso 2024<\/p>\n\n\n\n<p class=\"has-light-green-cyan-background-color has-background\">VOLUMEN 9 &#8211; N\u00b014<\/p>\n\n\n\n<p>RAOL Vol 9 N\u00b014 Memoria XIX Congreso 2025<\/p>\n\n\n\n<p class=\"has-light-green-cyan-background-color has-background\">VOLUMEN 10 &#8211; N\u00b015<\/p>\n\n\n\n<p>RAOL Vol 10 N\u00b015 Memoria XX Congreso 2026<\/p>\n\n\n\n<p><\/p>\n","protected":false},"excerpt":{"rendered":"<p>La Revista Argentina de Odontolog\u00eda Legal es el medio de divulgaci\u00f3n cient\u00edfica de la Sociedad Argentina de Odontolog\u00eda Legal. Fue creada con el fin de contribuir con el desarrollo de la investigaci\u00f3n, actualizaci\u00f3n y divulgaci\u00f3n de los conocimientos de investigadores, especialistas y profesionales del \u00e1rea de la Odontolog\u00eda Legal, fomentando la publicaci\u00f3n local y acceso [&hellip;]<\/p>\n","protected":false},"author":1,"featured_media":0,"comment_status":"open","ping_status":"open","sticky":false,"template":"","format":"standard","meta":{"footnotes":""},"categories":[13,18],"tags":[],"class_list":["post-368","post","type-post","status-publish","format-standard","hentry","category-raol","category-revista"],"_links":{"self":[{"href":"https:\/\/sadol.ar\/index.php\/wp-json\/wp\/v2\/posts\/368","targetHints":{"allow":["GET"]}}],"collection":[{"href":"https:\/\/sadol.ar\/index.php\/wp-json\/wp\/v2\/posts"}],"about":[{"href":"https:\/\/sadol.ar\/index.php\/wp-json\/wp\/v2\/types\/post"}],"author":[{"embeddable":true,"href":"https:\/\/sadol.ar\/index.php\/wp-json\/wp\/v2\/users\/1"}],"replies":[{"embeddable":true,"href":"https:\/\/sadol.ar\/index.php\/wp-json\/wp\/v2\/comments?post=368"}],"version-history":[{"count":20,"href":"https:\/\/sadol.ar\/index.php\/wp-json\/wp\/v2\/posts\/368\/revisions"}],"predecessor-version":[{"id":556,"href":"https:\/\/sadol.ar\/index.php\/wp-json\/wp\/v2\/posts\/368\/revisions\/556"}],"wp:attachment":[{"href":"https:\/\/sadol.ar\/index.php\/wp-json\/wp\/v2\/media?parent=368"}],"wp:term":[{"taxonomy":"category","embeddable":true,"href":"https:\/\/sadol.ar\/index.php\/wp-json\/wp\/v2\/categories?post=368"},{"taxonomy":"post_tag","embeddable":true,"href":"https:\/\/sadol.ar\/index.php\/wp-json\/wp\/v2\/tags?post=368"}],"curies":[{"name":"wp","href":"https:\/\/api.w.org\/{rel}","templated":true}]}}