{"id":364,"date":"2025-08-22T20:59:20","date_gmt":"2025-08-22T20:59:20","guid":{"rendered":"http:\/\/sadol.ar\/?p=364"},"modified":"2026-03-19T22:17:25","modified_gmt":"2026-03-19T22:17:25","slug":"historia-de-la-odontologia-legal-en-argentina","status":"publish","type":"post","link":"https:\/\/sadol.ar\/index.php\/2025\/08\/22\/historia-de-la-odontologia-legal-en-argentina\/","title":{"rendered":"Historia de la Odontolog\u00eda Legal en Argentina"},"content":{"rendered":"\n<p class=\"has-text-align-center\"><strong>Breve Historia de la Odontolog\u00eda Legal<\/strong> <strong>en Argentina<\/strong><\/p>\n\n\n\n<p class=\"has-text-align-center\"><strong><em>La ense\u00f1anza, las tesis, las publicaciones y los grandes Maestros<\/em><\/strong><strong><\/strong><\/p>\n\n\n\n<p class=\"has-text-align-center\"><em>Por Od. Esp. Oscar Heit<\/em><\/p>\n\n\n\n<p>En Argentina, como en otras Naciones, la Odontolog\u00eda naci\u00f3 de las ra\u00edces de la Medicina como ciencia del conocimiento del cuerpo y de la salud humana. Su independencia como ciencia se logr\u00f3 con la creaci\u00f3n de las primeras Escuelas de Odontolog\u00eda y luego Facultades de Odontolog\u00eda hasta nuestra \u00e9poca. Del mismo modo, en comparativa con la Facultad de Ciencias M\u00e9dicas donde se dictaba Medicina Legal, surgi\u00f3 en los planes de estudios de aquellas primeras Escuelas de Odontolog\u00eda y luego en las Facultades la materia \u00a8<strong>Odontolog\u00eda Legal<\/strong>\u00a8, tomando variados nombres de c\u00e1tedra hasta su consolidaci\u00f3n.<\/p>\n\n\n\n<p>De este modo, hacia el a\u00f1o 1894 el plan de estudios de la primera Escuela de Odontolog\u00eda de la Facultad de Ciencias M\u00e9dicas de Buenos Aires ten\u00eda en el segundo a\u00f1o la asignatura \u00a8Higiene y Legal\u00a8, siendo nombrado profesor de los cursos hasta el a\u00f1o 1898 el Dr. Nicasio Etchepareborda. En C\u00f3rdoba, el 13 de abril de 1915 se crea la Escuela de Odontolog\u00eda dependiente de la Facultad de Ciencias M\u00e9dicas, donde su plan de estudios se dividi\u00f3 en tres a\u00f1os, dict\u00e1ndose en el \u00faltimo a\u00f1o la materia \u00a8<strong>Dentister\u00eda Legal<\/strong>\u00a8.<\/p>\n\n\n\n<p>Relata Lerman que el primer Profesor de la C\u00e1tedra de Odontolog\u00eda Legal de la Escuela de Odontolog\u00eda de la Facultad de Ciencias M\u00e9dicas de Buenos Aires, creada por ordenanza del 21 de mayo de 1920, fue el <strong><a href=\"https:\/\/sadol.ar\/wp-content\/uploads\/2025\/08\/Vol-1-N%C2%B01_Gnecco-1921.pdf\" data-type=\"link\" data-id=\"https:\/\/sadol.ar\/wp-content\/uploads\/2025\/08\/Vol-1-N%C2%B01_Gnecco-1921.pdf\">Dr. Joaqu\u00edn V. Gnecco<\/a><\/strong>, cuya obra \u00a8<strong>Odontolog\u00eda Legal<\/strong>\u00a8 (publicada en 1921) fue la recopilaci\u00f3n de sus clases como materia del Doctorado recientemente creado. Esta obra se public\u00f3 como una versi\u00f3n taquigr\u00e1fica de las clases de Gnecco, tomada de la Facultad de Ciencias M\u00e9dicas de Buenos Aires. En su obra define a la Odontolog\u00eda Legal con las siguientes palabras: \u00a8<em>no se trata de una ciencia; es el conjunto de conocimientos que la Odontolog\u00eda y dem\u00e1s ciencias proporcionan para interpretar hechos o circunstancias que la aplicaci\u00f3n de la justicia requiere y que a la sociedad beneficia. El sistema dentario, en efecto, es un sistema org\u00e1nico que sufre y revela mejor que otros la influencia de la herencia; se desarrolla siguiendo leyes evolutivas determinadas; la solidez y dureza sufren alteraciones que constituyen desventajas para la salud y el cumplimiento de ciertas obligaciones y deberes; y todo esto que vosotros conoc\u00e9is, permite descubrir enfermedades, a veces ignoradas, de los ascendientes, de los sujetos que han de consultaros; permite determinar sus edades respectivas; su identificaci\u00f3n en ciertos y determinados casos especiales; su aptitud e inaptitud para ciertas profesiones o deberes que deben cumplir; y permite indicar reglas o dar consejos destinados a modificar favorablemente el estado de esos sujetos tanto en la vida individual como en la vida colectiva\u00a8<\/em><strong>.<\/strong><\/p>\n\n\n\n<figure class=\"wp-block-image aligncenter size-large is-resized\"><img fetchpriority=\"high\" decoding=\"async\" width=\"798\" height=\"1024\" src=\"https:\/\/sadol.ar\/wp-content\/uploads\/2025\/08\/IMG_3244b-1-798x1024.jpg\" alt=\"\" class=\"wp-image-561\" style=\"aspect-ratio:0.7793076004775169;width:183px;height:auto\" srcset=\"https:\/\/sadol.ar\/wp-content\/uploads\/2025\/08\/IMG_3244b-1-798x1024.jpg 798w, https:\/\/sadol.ar\/wp-content\/uploads\/2025\/08\/IMG_3244b-1-234x300.jpg 234w, https:\/\/sadol.ar\/wp-content\/uploads\/2025\/08\/IMG_3244b-1-768x986.jpg 768w, https:\/\/sadol.ar\/wp-content\/uploads\/2025\/08\/IMG_3244b-1-1197x1536.jpg 1197w, https:\/\/sadol.ar\/wp-content\/uploads\/2025\/08\/IMG_3244b-1-1596x2048.jpg 1596w, https:\/\/sadol.ar\/wp-content\/uploads\/2025\/08\/IMG_3244b-1-scaled.jpg 1995w\" sizes=\"(max-width: 798px) 100vw, 798px\" \/><figcaption class=\"wp-element-caption\">Dr. Joaqu\u00edn V\u00edctor Gnecco<\/figcaption><\/figure>\n\n\n\n<figure class=\"wp-block-image aligncenter size-full is-resized\"><img decoding=\"async\" width=\"645\" height=\"954\" src=\"https:\/\/sadol.ar\/wp-content\/uploads\/2025\/08\/Gnecco1.jpg\" alt=\"\" class=\"wp-image-562\" style=\"aspect-ratio:0.6761104441776711;width:190px;height:auto\" srcset=\"https:\/\/sadol.ar\/wp-content\/uploads\/2025\/08\/Gnecco1.jpg 645w, https:\/\/sadol.ar\/wp-content\/uploads\/2025\/08\/Gnecco1-203x300.jpg 203w\" sizes=\"(max-width: 645px) 100vw, 645px\" \/><figcaption class=\"wp-element-caption\">Libro \u00a8Odontolog\u00eda Legal\u00a8 publicado en el a\u00f1o 1921 por el Prof. Dr. Joaqu\u00edn Gnecco<\/figcaption><\/figure>\n\n\n\n<p>El 21 de octubre de 1920 el Profesor <strong>Dr. Juan Ubaldo Carrea<\/strong> (1883-1956), publica su tesis doctoral \u00a8<strong>Ensayos Odontom\u00e9tricos<\/strong>\u00a8, primera tesis de Doctor en Odontolog\u00eda de la Universidad de Buenos Aires. De 1926 a 1928 es designado encargado del Curso de Odontolog\u00eda Legal, una materia del Doctorado en odontolog\u00eda que hab\u00eda sido creado el 21 de mayo de 1920 a partir de un proyecto del Dr. Francisco Imaz. Entre 1914 y 1944 fue designado, de oficio en un Juzgado de Instrucci\u00f3n, Perito Odontol\u00f3gico, en cuya labor tuvo gran lucimiento pericial por su erudici\u00f3n.<\/p>\n\n\n\n<figure class=\"wp-block-image aligncenter size-full is-resized\"><img decoding=\"async\" width=\"377\" height=\"476\" src=\"https:\/\/sadol.ar\/wp-content\/uploads\/2025\/08\/Carrea.jpg\" alt=\"\" class=\"wp-image-565\" style=\"aspect-ratio:0.7920576635386917;width:192px;height:auto\" srcset=\"https:\/\/sadol.ar\/wp-content\/uploads\/2025\/08\/Carrea.jpg 377w, https:\/\/sadol.ar\/wp-content\/uploads\/2025\/08\/Carrea-238x300.jpg 238w\" sizes=\"(max-width: 377px) 100vw, 377px\" \/><figcaption class=\"wp-element-caption\">Prof. Dr. Juan Ubaldo Carrea<\/figcaption><\/figure>\n\n\n\n<p>Si queremos conocer un poco de lo que pensaba Carrea, podemos empezar por \u00e9stos p\u00e1rrafos que escribi\u00f3 para el libro de Lerman en 1942: \u00a8Nacido el hombre y aparecido el primer diente en la boca, naci\u00f3 el primer gesto de inter\u00e9s odontol\u00f3gico, con \u00e9l va la vida humana que se nutre, que se forma, que crece y se desarrolla creando intereses, obligaciones humanas, todo circunscripto al anhelo de vivir y hacer perdurar la existencia; y con el primer asomo de dolor se manifiesta el primer deseo de mitigarlo, con ello la ciencia y el arte de curar, derivando de ello la selecci\u00f3n de los aptos y capacitados, luego la limitaci\u00f3n de los derechos y de los deberes; la defensa por el bien y por el mal; el afianzamiento de la justicia mediante preceptos y leyes oportunas, el uso y el abuso de los medicamentos y procedimientos curativos por expertos y emp\u00edricos, condujeron a los hombres a formar los n\u00facleos profesionales con sus caracter\u00edsticas propias seg\u00fan las regiones del mundo donde la civilizaci\u00f3n levantaba la Ciencia para aprovechar, adaptar mejorar o perfeccionar las ciencias abor\u00edgenes de los pueblos de cultura propia y de vida n\u00f3mada\u00a8. (extracto del pr\u00f3logo del Dr. Juan Ubaldo Carrea para la obra de Lerman, 1942).<\/p>\n\n\n\n<p>Carrea fue Profesor Titular de Odontolog\u00eda Legal e Historia de la Odontolog\u00eda, a\u00f1os 1933 a 1946. Fue el creador de un Sistema de Identificaci\u00f3n para determinar el tama\u00f1o medio humano, denominado Sistema Radio Cuerda. En octubre de 1937 publica su propio Sistema Rugosc\u00f3pico, ampliando la obra del Prof. L\u00f3pez de Le\u00f3n en Guatemala. El art\u00edculo publicado se titulaba \u00a8La identificaci\u00f3n humana por las rugosidades palatinas\u00a8. All\u00ed daba cuenta de la importancia de la odontolog\u00eda legal\u00a0 diciendo \u00a8que la identificaci\u00f3n monodactilar es la fuente m\u00e1s segura y exacta de identificaci\u00f3n, cuando el cuerpo humano, vivo o muerto, da la huella dactilar para la investigaci\u00f3n; pero, faltando la yema de los dedos hay que recurrir a los medios antropom\u00e9tricos para hallar en los brazos, en las piernas, en la caja del cuerpo, los elementos suficientes para la investigaci\u00f3n, m\u00e1s, estos mismos elementos pueden faltar por destrucci\u00f3n bajo la acci\u00f3n del fuego, del agua, del tiempo, de medios qu\u00edmicos, etc. y s\u00f3lo quedar la cabeza como acontece tan a menudo en la actualidad con los innumerables accidentes de aviaci\u00f3n y automovil\u00edsticos, entonces, la odontolog\u00eda puede resolver muchos problemas legales que hoy se desechan, a pesar de las duras lecciones dadas por los hechos incontrovertibles y descubiertos por las pericias odontol\u00f3gicas\u00a8.<\/p>\n\n\n\n<p>Por esos a\u00f1os se publicaron numerosos trabajos de investigaci\u00f3n, algunas de las Tesis que posee en su acervo la Facultad de Odontolog\u00eda de la UBA son: Odontolog\u00eda Legal, de 1921; El sistema dentario como auxiliar en el esclarecimiento de un hecho e identificaci\u00f3n de cad\u00e1ver por De Tata JC., de 1938; y Notas preliminares sobre incineraci\u00f3n en Odontolog\u00eda Legal por Vatteone AL., de 1939, entre otros.<\/p>\n\n\n\n<p>En 1932, el <strong>Profesor Dr. Juan Ram\u00f3n Beltr\u00e1n<\/strong> (1894-1947), quien fue Titular de la C\u00e1tedra de Medicina Legal de la Universidad de Buenos Aires, publica la primera edici\u00f3n del libro \u00a8Medicina legal para la Ense\u00f1anza de la Odontolog\u00eda Legal y Social\u00a8 con una segunda edici\u00f3n en 1944.&nbsp;<\/p>\n\n\n\n<figure class=\"wp-block-image aligncenter size-full is-resized\"><img loading=\"lazy\" decoding=\"async\" width=\"220\" height=\"268\" src=\"https:\/\/sadol.ar\/wp-content\/uploads\/2025\/08\/beltran2.jpg\" alt=\"\" class=\"wp-image-566\" style=\"width:189px;height:auto\"\/><figcaption class=\"wp-element-caption\">Prof. Dr. Juan Ram\u00f3n Beltr\u00e1n<\/figcaption><\/figure>\n\n\n\n<p>A partir de 1935 la Escuela de Odontolog\u00eda de Buenos Aires contaba con cinco a\u00f1os de cursado, su plan de estudios ten\u00eda como asignatura la c\u00e1tedra de \u00a8Odontolog\u00eda Legal e Historia de la Odontolog\u00eda\u00a8.<\/p>\n\n\n\n<p>En el a\u00f1o 1940 se sanciona en la Facultad de Odontolog\u00eda de C\u00f3rdoba el plan de estudios de cinco a\u00f1os, en coincidencia con las otras Escuelas de Odontolog\u00eda del pa\u00eds, en cuyo quinto a\u00f1o se establec\u00eda la c\u00e1tedra de \u00a8Odontolog\u00eda Legal y Nomofilaxia\u00a8.<\/p>\n\n\n\n<p>En 1941, el Dr. Carrea publica \u00a8Sexo, edad, talla y antig\u00fcedad de restos humanos. Pericia Odontol\u00f3gica-Legal\u00a8.<\/p>\n\n\n\n<p>Otro maestro destacado fue el <strong>Profesor Dr. Vicente A. Bertini<\/strong> (1901-1956), Adjunto de la C\u00e1tedra de Ortodoncia con Odontolog\u00eda Legal del Dr. Juan Ubaldo Carrea en la Escuela de Odontolog\u00eda dependiente de la Facultad de Ciencias M\u00e9dicas de Buenos Aires. Bertini public\u00f3 en 1945 su tesis sobre Odontolog\u00eda legal, identidad e identificaci\u00f3n. En 1950 publica una tesis sobre \u00a8Las mordeduras: su importancia en el problema de la identificaci\u00f3n\u00a8.<\/p>\n\n\n\n<figure class=\"wp-block-image aligncenter size-full is-resized\"><img loading=\"lazy\" decoding=\"async\" width=\"230\" height=\"307\" src=\"https:\/\/sadol.ar\/wp-content\/uploads\/2025\/08\/Bertini.jpg\" alt=\"\" class=\"wp-image-567\" style=\"width:179px;height:auto\" srcset=\"https:\/\/sadol.ar\/wp-content\/uploads\/2025\/08\/Bertini.jpg 230w, https:\/\/sadol.ar\/wp-content\/uploads\/2025\/08\/Bertini-225x300.jpg 225w\" sizes=\"(max-width: 230px) 100vw, 230px\" \/><figcaption class=\"wp-element-caption\">Prof. Dr. Vicente Bertini<\/figcaption><\/figure>\n\n\n\n<p>La Escuela de Odontolog\u00eda pas\u00f3 a ser Facultad de Odontolog\u00eda en el a\u00f1o 1946, durante la gesti\u00f3n del Dr. Guardo en 1947 se cre\u00f3 el Auxiliarato de Ense\u00f1anza de Odontolog\u00eda Legal e Historia de la Odontolog\u00eda. Luego se denomin\u00f3 c\u00e1tedra de \u00a8Ortodoncia y Odontolog\u00eda Legal e Historia de la Odontolog\u00eda\u00a8 cuyo Profesor Titular fue el Dr. Carrea.&nbsp;<\/p>\n\n\n\n<p>En 1953 el <strong>Profesor Dr. Vicente Bloise<\/strong> publica su trabajo sobre \u00a8Identificaci\u00f3n Humana por el Sistema Maxilo-mand\u00edbulo-dental\u00a8. En 1953 se modifica el plan de estudios de la Facultad de Odontolog\u00eda de la Universidad de Buenos Aires, contaba con la asignatura \u00a8Ortodoncia, Odontolog\u00eda Legal, Historia de la Odontolog\u00eda y Econom\u00eda Profesional\u00a8 durante el quinto a\u00f1o del cursado. Se apoyaba la idea de crear una c\u00e1tedra independiente de Odontolog\u00eda Legal e Historia de la Odontolog\u00eda como existe la correspondiente en Medicina. En palabras de Lerman, se cre\u00eda \u00a8indispensable la independizaci\u00f3n de la Ortodoncia, que nada tiene que ver con la Odontolog\u00eda Legal e Historia de la Odontolog\u00eda\u00a8.<\/p>\n\n\n\n<p>En 1955 de crea la Escuela Odontol\u00f3gica de Tucum\u00e1n, el programa de estudios comprende cinco a\u00f1os y contaba con la c\u00e1tedra de \u00a8Historia de la Odontolog\u00eda, \u00c9tica y Econom\u00eda Dental\u00a8.<\/p>\n\n\n\n<p>En 1956, la Escuela de Odontolog\u00eda de C\u00f3rdoba se transforma en Facultad de Odontolog\u00eda de la Universidad Nacional de C\u00f3rdoba, ingresando como Profesor el <strong>Dr. Juan Antonio Font\u00e1n<\/strong>. Fue Licenciado en Filosof\u00eda, Psicolog\u00eda y Letras. En ese a\u00f1o ingres\u00f3 como Profesor Titular en la materia que en ese momento se llam\u00f3: Historia de la Odontolog\u00eda, Odontolog\u00eda Legal y Econom\u00eda Odontol\u00f3gica. En 1960 publica \u00a8Presupuestos odonto-legales del trato profesional\u00a8.&nbsp;<\/p>\n\n\n\n<figure class=\"wp-block-image aligncenter size-full is-resized\"><img loading=\"lazy\" decoding=\"async\" width=\"156\" height=\"187\" src=\"https:\/\/sadol.ar\/wp-content\/uploads\/2025\/08\/FontanJA.jpg\" alt=\"\" class=\"wp-image-569\" style=\"width:189px;height:auto\"\/><figcaption class=\"wp-element-caption\">Prof. Dr. Juan Antonio Font\u00e1n<\/figcaption><\/figure>\n\n\n\n<p>En el a\u00f1o 1965 el Dr. H\u00e9ctor B. Ferreri publica sobre \u00a8Gravedad penal de las lesiones bucodentarias\u00a8, contribuyendo con una clasificaci\u00f3n de las lesiones bucodentarias para \u00a8el peritaje odontol\u00f3gico en casos de agresi\u00f3n, accidente, enfermedad profesional, etc.\u00a8 en el fuero penal argentino.<\/p>\n\n\n\n<p>En la revista de mayo de 1967 de la Asociaci\u00f3n Odontol\u00f3gica Argentina la <strong>Profesora Dra. Cristina Nora Fern\u00e1ndez<\/strong> publica \u00a8Odontolog\u00eda Legal: hechos y estudios que se\u00f1alan su importancia\u00a8. Fue Titular de la C\u00e1tedra de Odontolog\u00eda Legal de la Facultad de Odontolog\u00eda de Tucum\u00e1n y Directora de la primera especialidad en Odontolog\u00eda Legal en Argentina en el a\u00f1o 1995 aprobado por la Comisi\u00f3n Nacional de Evaluaci\u00f3n y Acreditaci\u00f3n Universitaria.<\/p>\n\n\n\n<figure class=\"wp-block-image aligncenter size-full is-resized\"><img loading=\"lazy\" decoding=\"async\" width=\"158\" height=\"162\" src=\"https:\/\/sadol.ar\/wp-content\/uploads\/2025\/08\/Nora-Fernandez.jpg\" alt=\"\" class=\"wp-image-573\" style=\"width:212px;height:auto\"\/><figcaption class=\"wp-element-caption\">Prof. Dra. Cristina Nora Fern\u00e1ndez<\/figcaption><\/figure>\n\n\n\n<p>El Profesor Emilio Bonnet (1905-1983) &#8211; M\u00e9dico Legista y Forense &#8211; describe en su libro Medicina Legal, de 1967, la relaci\u00f3n entre la Medicina Legal y la Odontolog\u00eda Legal: \u00a8la Odontolog\u00eda destaca con singular relieve el valor cronol\u00f3gico de la erupci\u00f3n dentaria, para el diagn\u00f3stico de la edad; las caracter\u00edsticas de las impresiones dentarias en los casos de mordeduras; las particularidades de las f\u00f3rmulas odontol\u00f3gicas para identificaci\u00f3n de restos carbonizados o descuartizamientos; y la valoraci\u00f3n de cada diente en las lesiones traum\u00e1ticas de la boca. Asimismo, no se ha de olvidar el significado diagn\u00f3stico de las lesiones gingivales o palatinas&nbsp;en el curso de intoxicaciones cr\u00f3nicas por el plomo o el mercurio, as\u00ed como los dientes c\u00e1dmicos&#8230;\u00a8<\/p>\n\n\n\n<p>En 1976 se organizaron las I Jornadas de Odontolog\u00eda Legal en la ciudad de Rosario \u2013 Santa Fe con la presencia de Profesores de las C\u00e1tedras de Odontolog\u00eda Legal del pa\u00eds. Del 9 al 11 de noviembre de 1978 se organizaron las III Jornadas de Odontolog\u00eda Legal junto a la C\u00e1tedra de Odontolog\u00eda Social de la Facultad de Odontolog\u00eda de Buenos Aires. Del 21 al 23 de octubre de 1980 se realiz\u00f3 el I Seminario de Econom\u00eda Dental organizado por la Sociedad de Odontolog\u00eda Legal de Rosario presidida en ese entonces por el Dr. Oscar Gervasio S\u00e1nchez.<\/p>\n\n\n\n<p>En 1977 el <strong>Profesor Dr. Oscar Gervasio S\u00e1nchez<\/strong> junto a profesores de las Facultades de Odontolog\u00eda se re\u00fanen en pos de conformar una Sociedad de Odontolog\u00eda Legal, fundando en ese mismo a\u00f1o la Sociedad Argentina de Odontolog\u00eda Legal &#8211; SADOL &#8211; en la ciudad de Rosario, provincia de Santa Fe. Su primer presidente el Profesor Dr. Oscar Gervasio S\u00e1nchez, docente de la jefatura de la materia Medicina Legal en la carrera de grado, director y profesor de la carrera de posgrado de especializaci\u00f3n en Medicina Legal. Entre sus actividades fue Jefe del Cuerpo M\u00e9dico Forense de los Tribunales provinciales de Rosario. Cofund\u00f3 la Asociaci\u00f3n de M\u00e9dicos Forenses de la Rep\u00fablica Argentina &#8211; AMFRA -. En el edificio de la C\u00e1tedra de Medicina Legal de Rosario se encuentra una exposici\u00f3n de modelos de arcos dentarios que se usaron para estudios de rugas palatinas. El 6 de octubre de 1978 el Dr. S\u00e1nchez env\u00eda una carta al Prof. Ceppi impulsando la creaci\u00f3n de los lineamientos generales para una carrera de postgrado de Odont\u00f3logos Legistas y la de un equipo de identificaci\u00f3n odontol\u00f3gica legal para desastres con sede en la Universidad.<\/p>\n\n\n\n<figure class=\"wp-block-image aligncenter size-full is-resized\"><img loading=\"lazy\" decoding=\"async\" width=\"569\" height=\"778\" src=\"https:\/\/sadol.ar\/wp-content\/uploads\/2025\/08\/Sanchez3.jpg\" alt=\"\" class=\"wp-image-574\" style=\"aspect-ratio:0.7314093111438803;width:186px;height:auto\" srcset=\"https:\/\/sadol.ar\/wp-content\/uploads\/2025\/08\/Sanchez3.jpg 569w, https:\/\/sadol.ar\/wp-content\/uploads\/2025\/08\/Sanchez3-219x300.jpg 219w\" sizes=\"(max-width: 569px) 100vw, 569px\" \/><figcaption class=\"wp-element-caption\">Prof. Dra. Oscar Gervasio S\u00e1nchez<\/figcaption><\/figure>\n\n\n\n<p>El <strong>Dr. H\u00e9ctor Jos\u00e9 Ceppi<\/strong> fue Profesor Titular Encargado de la C\u00e1tedra de Odontolog\u00eda Legal de la Facultad de Odontolog\u00eda de la Universidad Nacional de C\u00f3rdoba en el a\u00f1o 1977, luego pas\u00f3 a Profesor Interino desde 1978 a 1980, a\u00f1o en que se Doctor\u00f3 y gan\u00f3 el concurso como Profesor Titular de la C\u00e1tedra hasta el a\u00f1o 1988.<\/p>\n\n\n\n<figure class=\"wp-block-image aligncenter size-full is-resized\"><img loading=\"lazy\" decoding=\"async\" width=\"197\" height=\"207\" src=\"https:\/\/sadol.ar\/wp-content\/uploads\/2025\/08\/ceppi1.jpg\" alt=\"\" class=\"wp-image-575\" style=\"width:190px;height:auto\"\/><figcaption class=\"wp-element-caption\">Prof. Dr. H\u00e9ctor Jos\u00e9 Ceppi<\/figcaption><\/figure>\n\n\n\n<p>La <strong>Profesora Dra. Elida Norma Bri\u00f1\u00f3n<\/strong> ha sido perito de oficio en los tribunales judiciales de Buenos Aires en los fueros civil, pernal y laboral por muchos a\u00f1os. Ha publicado dos libros: el primero en 1984 titulado \u00a8Odontolog\u00eda Legal y Pr\u00e1ctica Forense\u00a8 y el segundo en el a\u00f1o 2006, titulado \u00a8Lesiones e Iatrogenias en Odontolog\u00eda legal\u00a8 que se transformaron en referencia fundamental para los peritos odontolegistas nacionales e internacionales. En Europa, convalid\u00f3 el t\u00edtulo de Odont\u00f3loga en Espa\u00f1a y obtuvo el t\u00edtulo de especialidad en la Universidad de Siena-Italia, donde tambi\u00e9n trabaj\u00f3 en numerosos casos de pericias odontolegales.<\/p>\n\n\n\n<figure class=\"wp-block-image aligncenter size-full is-resized\"><img loading=\"lazy\" decoding=\"async\" width=\"394\" height=\"480\" src=\"https:\/\/sadol.ar\/wp-content\/uploads\/2025\/08\/elidabrinon2.jpg\" alt=\"\" class=\"wp-image-576\" style=\"width:201px;height:auto\" srcset=\"https:\/\/sadol.ar\/wp-content\/uploads\/2025\/08\/elidabrinon2.jpg 394w, https:\/\/sadol.ar\/wp-content\/uploads\/2025\/08\/elidabrinon2-246x300.jpg 246w\" sizes=\"(max-width: 394px) 100vw, 394px\" \/><figcaption class=\"wp-element-caption\">Prof. Dra. \u00c9lida Norma Bri\u00f1\u00f3n<\/figcaption><\/figure>\n\n\n\n<p><strong>Hoy, Argentina cuenta con una historia de m\u00e1s de 130 a\u00f1os desde las primeras c\u00e1tedras de Odontolog\u00eda Legal. <\/strong><strong><\/strong><\/p>\n\n\n\n<p>Como especialidad de posgrado han pasado 30 a\u00f1os desde que se comenz\u00f3 a dictar la primera Especialidad en Odontolog\u00eda Legal. T\u00edtulo otorgado por la Universidad Nacional de Tucum\u00e1n, cuya primer cohorte inici\u00f3 en el a\u00f1o 1995 con entrega de t\u00edtulo de Odont\u00f3logo Legista el 4 de abril de 1997. Desde ese entonces se ha expandido la especialidad otorg\u00e1ndose el t\u00edtulo por Universidades Nacionales P\u00fablicas y Privadas a trav\u00e9s de posgrados de especializaci\u00f3n de dos y tres a\u00f1os de cursado.<\/p>\n\n\n\n<p>La Universidad Nacional de Rosario tuvo su primera cohorte de especialistas en Odontolog\u00eda Legal, luego de tres a\u00f1os de cursado, en el a\u00f1o 2008.<\/p>\n\n\n\n<p>Por su parte, el Estado reconoce a la Odontolog\u00eda Legal como especialidad de la Odontolog\u00eda conformando una disciplina dentro del listado de especialidades del Ministerio de Salud de la Naci\u00f3n (Resoluci\u00f3n 1337\/2001 y Resoluci\u00f3n 956\/2010).<\/p>\n\n\n\n<p>Esta breve historia intenta construir el camino de aquellos primeros pasos que dio la creaci\u00f3n en principio de las c\u00e1tedras de Odontolog\u00eda Legal y finalmente la creaci\u00f3n de la especialidad, y de las personas que aportaron su granito de arena, Profesores y Maestros, que sin duda dejaron el basamento fundamental para el desarrollo actual y futuro de esta especialidad de la Odontolog\u00eda.<\/p>\n\n\n\n<p>Bibliograf\u00eda<\/p>\n\n\n\n<p>-Odontolog\u00eda Legal (Doctorado). Gnecco Joaqu\u00edn, versi\u00f3n taquigr\u00e1fica Sr. Bensadon. Ed. Pereira e Hijos, Buenos Aires 1921.<\/p>\n\n\n\n<p>&#8211; Medicina Legal para la ense\u00f1anza de la Odontolog\u00eda Legal y Social. Beltr\u00e1n J.R. Tomo I. Ed. La Semana M\u00e9dica. Buenos Aires, 1932.&nbsp;<\/p>\n\n\n\n<p>&#8211; Historia de la Odontolog\u00eda y su Ejercicio Legal. Lerman S. 3ra edici\u00f3n. Ed. Mundi. Buenos Aires, 1974.<\/p>\n\n\n\n<p>&#8211; Revista del Museo y Centro de Estudios Hist\u00f3ricos. Facultad de Odontolog\u00eda Universidad de Buenos Aires. Diciembre de 2012, a\u00f1o 26, n\u00b0 44.<\/p>\n\n\n\n<p>&#8211; Revista del Museo y Centro de Estudios Hist\u00f3ricos. Facultad de Odontolog\u00eda Universidad de Buenos Aires. Diciembre de 2013, a\u00f1o 27, n\u00b0 45.<\/p>\n\n\n\n<p>Agradecimientos<\/p>\n\n\n\n<p>&#8211; Aporte personal del Prof. Dr. H\u00e9ctor J. Ceppi.<\/p>\n\n\n\n<p>&#8211; Aporte personal de la Prof. Dra. Susana Font\u00e1n (\u03ef)<\/p>\n\n\n\n<p>&#8211; Aporte personal de la Prof. Dra. Elida N. Bri\u00f1\u00f3n (\u03ef)<\/p>\n\n\n\n<p>&#8211; Aporte personal de la Prof. Dra. Mar\u00eda Isabel Ferrari.<\/p>\n\n\n\n<p>&#8211; Aporte personal del Prof. Dr. Esp. Carlos M. Gonz\u00e1lez.<\/p>\n\n\n\n<p>&#8211; Aporte personal de la Prof. Dra. Marta Maldonado.<\/p>\n","protected":false},"excerpt":{"rendered":"<p>Breve Historia de la Odontolog\u00eda Legal en Argentina La ense\u00f1anza, las tesis, las publicaciones y los grandes Maestros Por Od. Esp. Oscar Heit En Argentina, como en otras Naciones, la Odontolog\u00eda naci\u00f3 de las ra\u00edces de la Medicina como ciencia del conocimiento del cuerpo y de la salud humana. Su independencia como ciencia se logr\u00f3 [&hellip;]<\/p>\n","protected":false},"author":1,"featured_media":0,"comment_status":"open","ping_status":"open","sticky":false,"template":"","format":"standard","meta":{"footnotes":""},"categories":[14],"tags":[],"class_list":["post-364","post","type-post","status-publish","format-standard","hentry","category-historia"],"_links":{"self":[{"href":"https:\/\/sadol.ar\/index.php\/wp-json\/wp\/v2\/posts\/364","targetHints":{"allow":["GET"]}}],"collection":[{"href":"https:\/\/sadol.ar\/index.php\/wp-json\/wp\/v2\/posts"}],"about":[{"href":"https:\/\/sadol.ar\/index.php\/wp-json\/wp\/v2\/types\/post"}],"author":[{"embeddable":true,"href":"https:\/\/sadol.ar\/index.php\/wp-json\/wp\/v2\/users\/1"}],"replies":[{"embeddable":true,"href":"https:\/\/sadol.ar\/index.php\/wp-json\/wp\/v2\/comments?post=364"}],"version-history":[{"count":6,"href":"https:\/\/sadol.ar\/index.php\/wp-json\/wp\/v2\/posts\/364\/revisions"}],"predecessor-version":[{"id":578,"href":"https:\/\/sadol.ar\/index.php\/wp-json\/wp\/v2\/posts\/364\/revisions\/578"}],"wp:attachment":[{"href":"https:\/\/sadol.ar\/index.php\/wp-json\/wp\/v2\/media?parent=364"}],"wp:term":[{"taxonomy":"category","embeddable":true,"href":"https:\/\/sadol.ar\/index.php\/wp-json\/wp\/v2\/categories?post=364"},{"taxonomy":"post_tag","embeddable":true,"href":"https:\/\/sadol.ar\/index.php\/wp-json\/wp\/v2\/tags?post=364"}],"curies":[{"name":"wp","href":"https:\/\/api.w.org\/{rel}","templated":true}]}}