{"id":351,"date":"2025-08-22T14:22:36","date_gmt":"2025-08-22T14:22:36","guid":{"rendered":"https:\/\/sadol.ar\/?p=351"},"modified":"2026-03-26T14:30:59","modified_gmt":"2026-03-26T14:30:59","slug":"comision-directiva-2025-2027","status":"publish","type":"post","link":"https:\/\/sadol.ar\/index.php\/2025\/08\/22\/comision-directiva-2025-2027\/","title":{"rendered":"Comisi\u00f3n Directiva 2024-2026"},"content":{"rendered":"\n<p>EMAIL DE CONTACTO:    sadoloficial@gmail.com<\/p>\n\n\n\n<p><\/p>\n\n\n\n<figure class=\"wp-block-image size-full is-resized\"><img decoding=\"async\" width=\"135\" height=\"192\" src=\"https:\/\/sadol.ar\/wp-content\/uploads\/2025\/08\/orreste.jpg\" alt=\"\" class=\"wp-image-435\" style=\"width:184px;height:auto\"\/><\/figure>\n\n\n\n<p><strong>Od. Esp. Eugenia Orresta (Tucum\u00e1n)<\/strong><\/p>\n\n\n\n<p>Presidente<\/p>\n\n\n\n<figure class=\"wp-block-image size-full is-resized\"><img fetchpriority=\"high\" decoding=\"async\" width=\"304\" height=\"388\" src=\"http:\/\/sadol.ar\/wp-content\/uploads\/2025\/08\/marcelo.jpg\" alt=\"\" class=\"wp-image-361\" style=\"width:189px;height:auto\" srcset=\"https:\/\/sadol.ar\/wp-content\/uploads\/2025\/08\/marcelo.jpg 304w, https:\/\/sadol.ar\/wp-content\/uploads\/2025\/08\/marcelo-235x300.jpg 235w\" sizes=\"(max-width: 304px) 100vw, 304px\" \/><\/figure>\n\n\n\n<p><strong>Dr. Esp. Carlos Marcelo Gonz\u00e1lez (La Rioja)<\/strong><\/p>\n\n\n\n<p>Secretario General<\/p>\n\n\n\n<p><\/p>\n\n\n\n<p><\/p>\n\n\n\n<p><strong>Presidencias<\/strong><\/p>\n\n\n\n<figure class=\"wp-block-image size-full\"><img decoding=\"async\" width=\"153\" height=\"185\" src=\"https:\/\/sadol.ar\/wp-content\/uploads\/2025\/08\/sanchez2.jpg\" alt=\"\" class=\"wp-image-470\"\/><\/figure>\n\n\n\n<p>Per\u00edodo 1977-1980 &#8211; Prof. M\u00e9d. Esp. Oscar Gervasio S\u00e1nchez (Santa Fe)<\/p>\n\n\n\n<p>Per\u00edodo 1981-2004 &#8211; Sin Presidencia<\/p>\n\n\n\n<p>Per\u00edodo 2005-2008 &#8211; Od. Esp. Carlos Marcelo Gonz\u00e1lez (La Rioja)<\/p>\n\n\n\n<p>Per\u00edodo 2009-2011 &#8211; Od. Esp. Carlos Marcelo Gonz\u00e1lez (La Rioja)<\/p>\n\n\n\n<p>Per\u00edodo 2012-2014 &#8211; Od. Esp. Oscar Heit (Entre R\u00edos)<\/p>\n\n\n\n<p>Per\u00edodo 2015-2017 &#8211; Od. Esp. Mar\u00eda Isabel Ferrari (Tucum\u00e1n)<\/p>\n\n\n\n<p>Per\u00edodo 2018-2020 &#8211; Od. Esp. Pablo Medina (Salta)<\/p>\n\n\n\n<p>Per\u00edodo 2021-2023 &#8211; Od. Esp. Marta Maldonado (Buenos Aires)<\/p>\n\n\n\n<p><\/p>\n\n\n\n<p><\/p>\n\n\n\n<p><strong>Un poco de historia. Los Fundadores y el comit\u00e9 directivo del a\u00f1o 1977<\/strong><\/p>\n\n\n\n<p>Prof. Dr. Oscar S\u00e1nchez (Rosario) &#8211; Presidente<\/p>\n\n\n\n<p>Prof. Dr. Mu\u00f1oz E. (Corrientes) &#8211; Vice-Presidente<\/p>\n\n\n\n<p>Dra. Di Boscio MC. (Rosario) &#8211; Secretaria<\/p>\n\n\n\n<p>Dra. Benedetto IB. (Rosario) &#8211; Tesorera<\/p>\n\n\n\n<p>Dr. Evaristo Carriego (Buenos Aires) &#8211; Vocal<\/p>\n\n\n\n<p>Prof. Dr. Ceppi HJ. (C\u00f3rdoba) &#8211; Vocal<\/p>\n\n\n\n<p>Prof. Dr. Fuccini TC. (La Plata) &#8211; Vocal<\/p>\n\n\n\n<p>Prof. Dr. Rocco HFV. (Buenos Aires) &#8211; Vocal<\/p>\n\n\n\n<p>Prof. Dra. Fern\u00e1ndez CN. (Tucum\u00e1n) &#8211; Vocal<\/p>\n\n\n\n<p><\/p>\n\n\n\n<p><strong>Presidentes Honorarios<\/strong><\/p>\n\n\n\n<p>Dr. Oscar Gervasio S\u00e1nchez&nbsp;(\u03ef) &#8211; Santa Fe<\/p>\n\n\n\n<p>Prof. Dra. Mar\u00eda Cristina Fern\u00e1ndez (\u03ef) &#8211; Tucum\u00e1n<\/p>\n\n\n\n<p>Prof. Dra. \u00c9lida Norma Bri\u00f1\u00f3n (\u03ef) &#8211; Buenos Aires<br><br>Prof. Dr. H\u00e9ctor Jos\u00e9 Ceppi &#8211; C\u00f3rdoba<\/p>\n\n\n\n<p>Prof. Dra. Rosario Reynoso \u00c1lvarez&nbsp;(\u03ef) &#8211; C\u00f3rdoba<\/p>\n\n\n\n<p>Prof. Dr. Roberto Rivarola (\u03ef) &#8211; Corrientes<\/p>\n\n\n\n<p>Prof. Dra. Susana Font\u00e1n (\u03ef) &#8211; C\u00f3rdoba<\/p>\n\n\n\n<p><\/p>\n","protected":false},"excerpt":{"rendered":"<p>EMAIL DE CONTACTO: sadoloficial@gmail.com Od. Esp. Eugenia Orresta (Tucum\u00e1n) Presidente Dr. Esp. Carlos Marcelo Gonz\u00e1lez (La Rioja) Secretario General Presidencias Per\u00edodo 1977-1980 &#8211; Prof. M\u00e9d. Esp. Oscar Gervasio S\u00e1nchez (Santa Fe) Per\u00edodo 1981-2004 &#8211; Sin Presidencia Per\u00edodo 2005-2008 &#8211; Od. Esp. Carlos Marcelo Gonz\u00e1lez (La Rioja) Per\u00edodo 2009-2011 &#8211; Od. Esp. Carlos Marcelo Gonz\u00e1lez (La [&hellip;]<\/p>\n","protected":false},"author":1,"featured_media":0,"comment_status":"open","ping_status":"open","sticky":false,"template":"","format":"standard","meta":{"footnotes":""},"categories":[15],"tags":[],"class_list":["post-351","post","type-post","status-publish","format-standard","hentry","category-comision"],"_links":{"self":[{"href":"https:\/\/sadol.ar\/index.php\/wp-json\/wp\/v2\/posts\/351","targetHints":{"allow":["GET"]}}],"collection":[{"href":"https:\/\/sadol.ar\/index.php\/wp-json\/wp\/v2\/posts"}],"about":[{"href":"https:\/\/sadol.ar\/index.php\/wp-json\/wp\/v2\/types\/post"}],"author":[{"embeddable":true,"href":"https:\/\/sadol.ar\/index.php\/wp-json\/wp\/v2\/users\/1"}],"replies":[{"embeddable":true,"href":"https:\/\/sadol.ar\/index.php\/wp-json\/wp\/v2\/comments?post=351"}],"version-history":[{"count":12,"href":"https:\/\/sadol.ar\/index.php\/wp-json\/wp\/v2\/posts\/351\/revisions"}],"predecessor-version":[{"id":611,"href":"https:\/\/sadol.ar\/index.php\/wp-json\/wp\/v2\/posts\/351\/revisions\/611"}],"wp:attachment":[{"href":"https:\/\/sadol.ar\/index.php\/wp-json\/wp\/v2\/media?parent=351"}],"wp:term":[{"taxonomy":"category","embeddable":true,"href":"https:\/\/sadol.ar\/index.php\/wp-json\/wp\/v2\/categories?post=351"},{"taxonomy":"post_tag","embeddable":true,"href":"https:\/\/sadol.ar\/index.php\/wp-json\/wp\/v2\/tags?post=351"}],"curies":[{"name":"wp","href":"https:\/\/api.w.org\/{rel}","templated":true}]}}